[{"@context":"https:\/\/schema.org\/","@type":"Article","@id":"https:\/\/www.tocco.sk\/povedzte-to-ruzom\/#Article","mainEntityOfPage":"https:\/\/www.tocco.sk\/povedzte-to-ruzom\/","headline":"Povedzte to r\u00fa\u017eom","name":"Povedzte to r\u00fa\u017eom","description":"Mnoh\u00e9 \u017eeny si myslia, \u017ee nosi\u0165 v\u00fdrazn\u00fd r\u00fa\u017e nie je rozhodne ni\u010d pre ne. My v\u00e1m v\u0161ak mus\u00edme poveda\u0165, \u017ee nez\u00e1le\u017e\u00ed na tom, ak\u00fa m\u00e1te","datePublished":"2020-10-12","dateModified":"2023-04-25","author":{"@type":"Person","@id":"https:\/\/www.tocco.sk\/author\/#Person","name":"tocco.sk\n","url":"https:\/\/www.tocco.sk\/author\/","identifier":1,"image":{"@type":"ImageObject","@id":"https:\/\/secure.gravatar.com\/avatar\/d693d76da4b3c2905ed32515295d3c5b2b37600a891f276917d3d592948bcc60?s=96&d=mm&r=g","url":"https:\/\/secure.gravatar.com\/avatar\/d693d76da4b3c2905ed32515295d3c5b2b37600a891f276917d3d592948bcc60?s=96&d=mm&r=g","height":96,"width":96}},"publisher":{"@type":"Organization","name":"tocco.sk","logo":{"@type":"ImageObject","@id":"\/logo.png","url":"\/logo.png","width":600,"height":60}},"image":{"@type":"ImageObject","@id":"https:\/\/www.tocco.sk\/wp-content\/uploads\/img_a283924_w2034_t1601730864.jpg","url":"https:\/\/www.tocco.sk\/wp-content\/uploads\/img_a283924_w2034_t1601730864.jpg","height":0,"width":0},"url":"https:\/\/www.tocco.sk\/povedzte-to-ruzom\/","about":["Kr\u00e1sa"],"wordCount":408,"articleBody":"Mnoh\u00e9 \u017eeny si myslia, \u017ee nosi\u0165 v\u00fdrazn\u00fd r\u00fa\u017e nie je rozhodne ni\u010d pre ne. My v\u00e1m v\u0161ak mus\u00edme poveda\u0165, \u017ee nez\u00e1le\u017e\u00ed na tom, ak\u00fa m\u00e1te farbu poko\u017eky a ak\u00fd m\u00e1te tvar pier. V\u00fdrazn\u00fd r\u00fa\u017e sa hod\u00ed skuto\u010dne ka\u017edej \u017eene. Jedin\u00e9, \u010do mus\u00edte vedie\u0165, je vybra\u0165 spr\u00e1vny odtie\u0148. Presne od toho z\u00e1vis\u00ed \u00faplne v\u0161etko. Ke\u010f vyberiete spr\u00e1vny odtie\u0148, v ktorom sa budete c\u00edti\u0165 dobre, m\u00f4\u017eete doby\u0165 cel\u00fd svet. A t\u00fdm si m\u00f4\u017eete by\u0165 ist\u00e1. Preto\u017ee \u017eena v spr\u00e1vnych top\u00e1nkach a so spr\u00e1vnym r\u00fa\u017eom na per\u00e1ch zvl\u00e1dne skuto\u010dne \u00faplne \u010doko\u013evek. Aj ve\u013ek\u00fa prezent\u00e1ciu v pr\u00e1ci a aj ve\u010deru s priate\u013emi. Tak teda, \u010do mysl\u00edte? Ktor\u00fd by sa hodil v\u00e1m?\u00a0\u010cerven\u00fd r\u00fa\u017e je klasika\u00a0\u010cerven\u00fd r\u00fa\u017e by mala ma\u0165 v kozmetickej ta\u0161ke ka\u017ed\u00e1 jedna \u017eena. Od tej najmlad\u0161ej, po t\u00fa najstar\u0161iu. Existuje neskuto\u010dne ve\u013ea odtie\u0148ov \u010dervenej, tak\u017ee si m\u00f4\u017eete n\u00e1js\u0165 ten svoj. Ale verte tomu, \u017ee v\u010faka \u010derven\u00e9mu r\u00fa\u017eu sa budete c\u00edti\u0165 maxim\u00e1lne sexy a sebavedome. Je to r\u00fa\u017e, ktor\u00ed vo ve\u013ekom na \u017een\u00e1ch ob\u013eubuj\u00fa aj chlapi a my sa im teda absol\u00fatne ne\u010dudujeme. Je to nie\u010do, \u010do v\u00e1m skuto\u010dne dod\u00e1 sebavedomie. \u010cerven\u00e1 farba je proste skuto\u010dne atrakt\u00edvna.\u00a0Matn\u00e9 r\u00fa\u017ee s\u00fa hor\u00facou novinkou\u00a0Ak sa nie\u010do te\u0161\u00ed posledn\u00fa dobu skuto\u010dne ohromnej popularite, tak je to trend matn\u00fdch r\u00fa\u017eov. R\u00fa\u017ee, ktor\u00e9 zaschn\u00fa do matna, neobtl\u00e1\u010daj\u00fa sa na poh\u00e1re a m\u00f4\u017eete da\u0165 svojmu priate\u013eovi pusu bez toho, aby ste mu urobili na tv\u00e1ri nepekn\u00fd odtla\u010dok pier. M\u00f4\u017eete si by\u0165 ist\u00e1, \u017ee s tak\u00fdmto r\u00fa\u017eom ni\u010d nepokaz\u00edte. Pozor v\u0161ak na to, aby v\u00e1m pr\u00edli\u0161 nevysu\u0161oval pery. Myslite na kvalitn\u00fd balzam.\u00a0Bl\u00e1zniv\u00e9 farby\u00a0Na tie si ur\u010dite netr\u00fafne len tak hocikto, no verte tomu, \u017ee aj na nich je nie\u010do atrakt\u00edvne. Hovoria predsa len o odvahe danej \u017eeny, no nie? K\u00fdm v lete mnoh\u00e9 \u017eeny stavia na krik\u013eav\u00e9 farby, ktor\u00e9 len tak \u017eiaria, v zime zase nech\u00e1vame hovori\u0165 tmav\u00e9 farby, ktor\u00e9 s\u00fa skuto\u010dne ve\u013emi atrakt\u00edvne. Tak, ktor\u00fa si vyberiete vy?                                                                                                                                                                                                                                                                                                                                                                                        4.2\/5 - (8 votes)        "},{"@context":"https:\/\/schema.org\/","@type":"BreadcrumbList","itemListElement":[{"@type":"ListItem","position":1,"name":"Povedzte to r\u00fa\u017eom","item":"https:\/\/www.tocco.sk\/povedzte-to-ruzom\/#breadcrumbitem"}]}]