[{"@context":"https:\/\/schema.org\/","@type":"Article","@id":"https:\/\/www.tocco.sk\/nezostanem-tu-no-vratim-sa\/#Article","mainEntityOfPage":"https:\/\/www.tocco.sk\/nezostanem-tu-no-vratim-sa\/","headline":"Nezostanem tu&#8230; no vr\u00e1tim sa","name":"Nezostanem tu&#8230; no vr\u00e1tim sa","description":"Je dobr\u00e9 pristupova\u0165 ku v\u0161etk\u00e9mu rozumne, rozv\u00e1\u017ene, nie bezhlavo a dogmaticky. I V\u00e1m u\u017e niekto vravel, \u017ee Slovensko vymiera, \u017ee tu zost\u00e1vaj\u00fa, \u010des\u0165 v\u00fdnimk\u00e1m, iba","datePublished":"2025-03-04","dateModified":"2025-03-04","author":{"@type":"Person","@id":"https:\/\/www.tocco.sk\/author\/#Person","name":"tocco.sk\n","url":"https:\/\/www.tocco.sk\/author\/","identifier":1,"image":{"@type":"ImageObject","@id":"https:\/\/secure.gravatar.com\/avatar\/d693d76da4b3c2905ed32515295d3c5b2b37600a891f276917d3d592948bcc60?s=96&d=mm&r=g","url":"https:\/\/secure.gravatar.com\/avatar\/d693d76da4b3c2905ed32515295d3c5b2b37600a891f276917d3d592948bcc60?s=96&d=mm&r=g","height":96,"width":96}},"publisher":{"@type":"Organization","name":"tocco.sk","logo":{"@type":"ImageObject","@id":"\/logo.png","url":"\/logo.png","width":600,"height":60}},"image":{"@type":"ImageObject","@id":"https:\/\/www.tocco.sk\/wp-content\/uploads\/img_a283773_w2034_t1513268948.jpg","url":"https:\/\/www.tocco.sk\/wp-content\/uploads\/img_a283773_w2034_t1513268948.jpg","height":0,"width":0},"url":"https:\/\/www.tocco.sk\/nezostanem-tu-no-vratim-sa\/","about":["Dom a byt"],"wordCount":596,"articleBody":"Je dobr\u00e9 pristupova\u0165 ku v\u0161etk\u00e9mu rozumne, rozv\u00e1\u017ene, nie bezhlavo a dogmaticky. I V\u00e1m u\u017e niekto vravel, \u017ee Slovensko vymiera, \u017ee tu zost\u00e1vaj\u00fa, \u010des\u0165 v\u00fdnimk\u00e1m, iba t\u00ed, ktor\u00ed neovl\u00e1daj\u00fa jazyky, maj\u00fa n\u00edzke vzdelanie \u010di \u017eiadne amb\u00edcie? A \u017ee t\u00ed, \u010do s\u00fa na tom vzdelanostne a rozumovo lep\u0161ie ako spomenut\u00ed, odch\u00e1dzaj\u00fa do zahrani\u010dia, a domov sa vr\u00e1tia akur\u00e1t tak na dovolenku? Nu\u017e, ak V\u00e1m niekto nie\u010do tak\u00e9to vravel, mal, \u017eia\u013e, \u010dertovsk\u00fa pravdu. Na jednej strane je vo\u010di svojej krajine a n\u00e1rodu, vo\u010di svojim najbli\u017e\u0161\u00edm, vo\u010di rodi\u010dom nezodpovedn\u00e9 a nepekn\u00e9, ak my, deti svojich rodi\u010dov, deti kr\u00e1sneho Slovenska, sa vypar\u00edme do cudziny, a na svoju vlas\u0165 si spomenieme iba ke\u010f zva\u017eujeme, kam na n\u00edzkon\u00e1kladov\u00fa dovolenku&#8230; Toto je te\u00f3ria \u2013 teraz sa pozrime, ako je to dnes naozaj. Mnoh\u00ed \u013eudia toti\u017eto bezhrani\u010dne miluj\u00fa svoju ot\u010dinu, svoje Slovensko, no z\u00e1rove\u0148 s\u00fa realisti a vidia, \u017ee Slovensk\u00e1 republika im nedok\u00e1\u017ee da\u0165 vysoko\u0161kolsk\u00e9 vzdelanie a pr\u00e1cu, v ktorej by zarobili pre svoju bud\u00facu rodinu dos\u0165 i bez toho, aby robotovali ako otroci&#8230; A tak odch\u00e1dzaj\u00fa&#8230; Povedia si, \u017ee svoje deti s\u00edce nebud\u00fa m\u00f4c\u0165 vychov\u00e1va\u0165 na Slovensku, ale \u017ee ich nau\u010dia po slovensky, i l\u00e1ske k vlasti. No pr\u00eddu do zahrani\u010dia, ocitn\u00fa sa vo svete pln\u00e9ho zhonu, deti uvidia ka\u017ed\u00fd v\u0161edn\u00fd de\u0148 iba kr\u00e1tko pred t\u00fdm, ako si \u013eahn\u00fa spa\u0165, a deti tak formuje okolie: \u0161kola, kamar\u00e1ti, v\u0161adepr\u00edtomn\u00fd jazyk. Bud\u00fa raz z tak\u00fdchto det\u00ed, a\u017e vyrast\u00fa, bytosti c\u00edtiace nejak\u00fd vz\u0165ah k vlasti svojich rodi\u010dov? \u017dia\u013e, je to nepravdepodobn\u00e9&#8230; \u010co teda robi\u0165? Ako sa zachova\u0165? Osta\u0165 \u017eivori\u0165 na Slovensku s platom, z ktor\u00e9ho vy\u017eiv\u00edm ani nie dve deti, alebo od\u00eds\u0165 do zahrani\u010dia, kde u\u017eiv\u00edm i 3, 4 \u010di 5 det\u00ed, no nie det\u00ed-Slov\u00e1kov, ale det\u00ed-kozmopolitov? Rie\u0161enie sa jav\u00ed jednoduch\u00fdm, k\u00fdm sme tu, a uk\u00e1\u017ee sa ako takmer nezvl\u00e1dnute\u013en\u00e9, ke\u010f sa ocitneme v zahrani\u010d\u00ed: \u00fc ak sa rozhodnete \u00eds\u0165 na vysok\u00fa \u0161kolu do zahrani\u010dia, sprav\u00edte pre svoju vlas\u0165 mnoho \u2013 ale iba ak sa vr\u00e1tite! Vr\u00e1tite ako vzdelan\u00fd \u010dlovek, ktor\u00fd spolu s \u010fal\u0161\u00edmi m\u00f4\u017ee pom\u00f4c\u0165 postavi\u0165 na nohy slovensk\u00e9 hospod\u00e1rstvo. Iste, byrokracia \u0161t\u00e1tna a \u00faniov\u00e1 tak\u00fdmto vr\u00e1tiv\u0161\u00edmsa odv\u00e1\u017elivcom, rovnako ako v\u0161etk\u00fdm dom\u00e1cim, h\u00e1d\u017ee polen\u00e1 pod nohy, no to nie je v\u00fdhovorka pre ostanie v zahrani\u010d\u00ed! \u00fc ak sa rozhodnete \u00eds\u0165 zar\u00e1ba\u0165 do zahrani\u010dia, vzdialenej\u0161ieho ako p\u00e1r min\u00fat cesty autom z domu, berte v\u017edy oh\u013ead na rodinu, ktor\u00e1 je z\u00e1kladnou zlo\u017ekou \u0161t\u00e1tu \u2013 slab\u00e9 rodiny siln\u00fd \u0161t\u00e1t netvoria&#8230; \u00fc \u010di ste sa v zahrani\u010d\u00ed ocitli kv\u00f4li vzdelaniu alebo z\u00e1robku, id\u00fac tam s t\u00fdm, \u017ee sa chcete vr\u00e1ti\u0165, sna\u017ete sa vr\u00e1ti\u0165 pred t\u00fdm, ako m\u00e1 Va\u0161e prv\u00e9 die\u0165a nast\u00fapi\u0165 do \u0161koly: \u0161kola v zahrani\u010d\u00ed je, povedali by ste si, iba dobrou sk\u00fasenos\u0165ou do \u017eivota die\u0165a\u0165a, no vzdel\u00e1vac\u00ed syst\u00e9m v\u00e4\u010d\u0161iny kraj\u00edn je pretkan\u00fd r\u00f4znymi ideol\u00f3giami, s ktor\u00fdmi by ste si nepriali, aby Va\u0161e die\u0165a pri\u0161lo do styku&#8230; Ak sa teda na mlad\u00fdch \u013eud\u00ed nalieha:,,Zosta\u0148te doma!\u201c, t\u00ed nech odpovedaj\u00fa:,,Nezostanem, no vr\u00e1tim sa.\u201c                                                                                                                                                                                                                                                                                                                                                                                        4.3\/5 - (6 votes)        "},{"@context":"https:\/\/schema.org\/","@type":"BreadcrumbList","itemListElement":[{"@type":"ListItem","position":1,"name":"Nezostanem tu&#8230; no vr\u00e1tim sa","item":"https:\/\/www.tocco.sk\/nezostanem-tu-no-vratim-sa\/#breadcrumbitem"}]}]